{"id":685,"date":"2023-12-06T15:44:00","date_gmt":"2023-12-06T13:44:00","guid":{"rendered":"https:\/\/www.rissanen.palvelin.pro\/kerimakiseura\/?p=685"},"modified":"2025-05-19T15:50:38","modified_gmt":"2025-05-19T12:50:38","slug":"6-12-2023-itsenaisyyspaiva-kerimaella","status":"publish","type":"post","link":"https:\/\/www.rissanen.palvelin.pro\/kerimakiseura\/6-12-2023-itsenaisyyspaiva-kerimaella\/","title":{"rendered":"6.12.2023 Itsen\u00e4isyysp\u00e4iv\u00e4 Kerim\u00e4ell\u00e4."},"content":{"rendered":"\n<p>Suomen 106. itsen\u00e4isyysp\u00e4iv\u00e4\u00e4 vietettiin perinteisesti Kerim\u00e4ki-seuran, Kerim\u00e4en kappeliseurakunnan, P\u00e4\u00e4kanta-S\u00e4\u00e4ti\u00f6n ja Savonlinnan kaupungin j\u00e4rjest\u00e4m\u00e4ss\u00e4 tilaisuudessa, t\u00e4ll\u00e4 kertaa juhlapaikkana oli Kerim\u00e4en seurakuntakoti.<\/p>\n\n\n\n<p>Tilaisuuden aloitettiin yleis\u00f6n yhteislaululla Kotimaani ompi Suomi. Tervehdyspuheen piti Kerim\u00e4ki-is\u00e4nt\u00e4 Vesa Pulkkinen.<\/p>\n\n\n\n<p>Itsen\u00e4isyysp\u00e4iv\u00e4n juhlapuheen piti vuoden 2023 kes\u00e4kerim\u00e4kel\u00e4inen opetusneuvos Heikki Malinen.<\/p>\n\n\n\n<p>P\u00e4\u00e4kanta-S\u00e4\u00e4ti\u00f6 palkitsi Kerim\u00e4ki-Seuran Vuoden mainetekokunniakirjalla, perusteena seuran suuri merkitys Kerim\u00e4elle ja seuran 60 vuotta jatkunut toiminta. Palkinnon luovutti Kauko Rauhansalo ja Helj\u00e4 Juuti ja vastaan otti puheenjohtaja Kari Muhonen sek\u00e4 Maire H\u00e4m\u00e4l\u00e4inen.<\/p>\n\n\n\n<p>Yhteisen musiikki-esityksen pitiv\u00e4t Kerim\u00e4ki-is\u00e4nt\u00e4 Vesa Pulkkinen ja Kerim\u00e4ki-em\u00e4nt\u00e4 Hanna Sepp\u00e4nen, joka lauloi upeasti Finlandian.<\/p>\n\n\n\n<p>P\u00e4\u00e4t\u00f6ssanat juhlassa lausui aluekappalainen Sanni Rissanen. Lopuksi yleis\u00f6 lauloi voimallisesti yhteislauluna Maamme-laulun.<\/p>\n\n\n\t\t\t\t\t<div\n\t\t\t\t\t\tclass=\"wp-block-uagb-image-gallery uagb-block-c48444f6     \"\n\t\t\t\t\t\tstyle=\"\"\n\t\t\t\t\t>\n\t\t\t\t\t\t\t\t\t\t\t<div class=\"spectra-image-gallery spectra-image-gallery__layout--masonry spectra-image-gallery__layout--masonry-col-2 spectra-image-gallery__layout--masonry-col-tab-3 spectra-image-gallery__layout--masonry-col-mob-2\">\n\t\t\t\t\t\t\t\t\t\t\t<div class='spectra-image-gallery__media-wrapper--isotope'>\n\t\t\t\t\t\t\t<div class='spectra-image-gallery__media-wrapper' data-spectra-gallery-image-id='687' tabindex=\"0\">\n\t\t\t\t\t\t\t<div class=\"spectra-image-gallery__media spectra-image-gallery__media--masonry\">\n\t\t\t\t<picture>\n\t\t\t\t\t<source media=\"(min-width: 1024px)\" srcset=\"https:\/\/www.rissanen.palvelin.pro\/kerimakiseura\/wp-content\/uploads\/Itsenaisyyspaiva_6.12.2023_Sivu_1-1024x709.jpg\">\n\t\t\t\t\t<source media=\"(min-width: 768px)\" srcset=\"https:\/\/www.rissanen.palvelin.pro\/kerimakiseura\/wp-content\/uploads\/Itsenaisyyspaiva_6.12.2023_Sivu_1-1024x709.jpg\">\n\t\t\t\t\t<img decoding=\"async\" class=\"spectra-image-gallery__media-thumbnail spectra-image-gallery__media-thumbnail--masonry\" src=\"https:\/\/www.rissanen.palvelin.pro\/kerimakiseura\/wp-content\/uploads\/Itsenaisyyspaiva_6.12.2023_Sivu_1-300x208.jpg\" alt=\"\" loading=\"lazy\" \/>\n\t\t\t\t<\/picture>\n\t\t\t\t<div class=\"spectra-image-gallery__media-thumbnail-blurrer\"><\/div>\n\t\t\t\t\t\t\t\t\t\t\t<div class=\"spectra-image-gallery__media-thumbnail-caption-wrapper spectra-image-gallery__media-thumbnail-caption-wrapper--overlay\"><\/div>\n\t\t\t\t\t\t\t\t<\/div>\n\t\t\t\t\t\t<\/div>\n\t\t\t\t\t\t<\/div>\n\t\t\t\t\t\t<div class='spectra-image-gallery__media-wrapper--isotope'>\n\t\t\t\t\t\t\t<div class='spectra-image-gallery__media-wrapper' data-spectra-gallery-image-id='686' tabindex=\"0\">\n\t\t\t\t\t\t\t<div class=\"spectra-image-gallery__media spectra-image-gallery__media--masonry\">\n\t\t\t\t<picture>\n\t\t\t\t\t<source media=\"(min-width: 1024px)\" srcset=\"https:\/\/www.rissanen.palvelin.pro\/kerimakiseura\/wp-content\/uploads\/Itsenaisyyspaiva_6.12.2023_Sivu_2-1024x709.jpg\">\n\t\t\t\t\t<source media=\"(min-width: 768px)\" srcset=\"https:\/\/www.rissanen.palvelin.pro\/kerimakiseura\/wp-content\/uploads\/Itsenaisyyspaiva_6.12.2023_Sivu_2-1024x709.jpg\">\n\t\t\t\t\t<img decoding=\"async\" class=\"spectra-image-gallery__media-thumbnail spectra-image-gallery__media-thumbnail--masonry\" src=\"https:\/\/www.rissanen.palvelin.pro\/kerimakiseura\/wp-content\/uploads\/Itsenaisyyspaiva_6.12.2023_Sivu_2-300x208.jpg\" alt=\"\" loading=\"lazy\" \/>\n\t\t\t\t<\/picture>\n\t\t\t\t<div class=\"spectra-image-gallery__media-thumbnail-blurrer\"><\/div>\n\t\t\t\t\t\t\t\t\t\t\t<div class=\"spectra-image-gallery__media-thumbnail-caption-wrapper spectra-image-gallery__media-thumbnail-caption-wrapper--overlay\"><\/div>\n\t\t\t\t\t\t\t\t<\/div>\n\t\t\t\t\t\t<\/div>\n\t\t\t\t\t\t<\/div>\n\t\t\t\t\t\t<div class='spectra-image-gallery__media-wrapper--isotope'>\n\t\t\t\t\t\t\t<div class='spectra-image-gallery__media-wrapper' data-spectra-gallery-image-id='688' tabindex=\"0\">\n\t\t\t\t\t\t\t<div class=\"spectra-image-gallery__media spectra-image-gallery__media--masonry\">\n\t\t\t\t<picture>\n\t\t\t\t\t<source media=\"(min-width: 1024px)\" srcset=\"https:\/\/www.rissanen.palvelin.pro\/kerimakiseura\/wp-content\/uploads\/Yleiso_2-768x1024.jpg\">\n\t\t\t\t\t<source media=\"(min-width: 768px)\" srcset=\"https:\/\/www.rissanen.palvelin.pro\/kerimakiseura\/wp-content\/uploads\/Yleiso_2-768x1024.jpg\">\n\t\t\t\t\t<img decoding=\"async\" class=\"spectra-image-gallery__media-thumbnail spectra-image-gallery__media-thumbnail--masonry\" src=\"https:\/\/www.rissanen.palvelin.pro\/kerimakiseura\/wp-content\/uploads\/Yleiso_2-225x300.jpg\" alt=\"\" loading=\"lazy\" \/>\n\t\t\t\t<\/picture>\n\t\t\t\t<div class=\"spectra-image-gallery__media-thumbnail-blurrer\"><\/div>\n\t\t\t\t\t\t\t\t\t\t\t<div class=\"spectra-image-gallery__media-thumbnail-caption-wrapper spectra-image-gallery__media-thumbnail-caption-wrapper--overlay\"><\/div>\n\t\t\t\t\t\t\t\t<\/div>\n\t\t\t\t\t\t<\/div>\n\t\t\t\t\t\t<\/div>\n\t\t\t\t\t\t<div class='spectra-image-gallery__media-wrapper--isotope'>\n\t\t\t\t\t\t\t<div class='spectra-image-gallery__media-wrapper' data-spectra-gallery-image-id='689' tabindex=\"0\">\n\t\t\t\t\t\t\t<div class=\"spectra-image-gallery__media spectra-image-gallery__media--masonry\">\n\t\t\t\t<picture>\n\t\t\t\t\t<source media=\"(min-width: 1024px)\" srcset=\"https:\/\/www.rissanen.palvelin.pro\/kerimakiseura\/wp-content\/uploads\/Sanni_Rissanen-768x1024.jpg\">\n\t\t\t\t\t<source media=\"(min-width: 768px)\" srcset=\"https:\/\/www.rissanen.palvelin.pro\/kerimakiseura\/wp-content\/uploads\/Sanni_Rissanen-768x1024.jpg\">\n\t\t\t\t\t<img decoding=\"async\" class=\"spectra-image-gallery__media-thumbnail spectra-image-gallery__media-thumbnail--masonry\" src=\"https:\/\/www.rissanen.palvelin.pro\/kerimakiseura\/wp-content\/uploads\/Sanni_Rissanen-225x300.jpg\" alt=\"\" loading=\"lazy\" \/>\n\t\t\t\t<\/picture>\n\t\t\t\t<div class=\"spectra-image-gallery__media-thumbnail-blurrer\"><\/div>\n\t\t\t\t\t\t\t\t\t\t\t<div class=\"spectra-image-gallery__media-thumbnail-caption-wrapper spectra-image-gallery__media-thumbnail-caption-wrapper--overlay\"><\/div>\n\t\t\t\t\t\t\t\t<\/div>\n\t\t\t\t\t\t<\/div>\n\t\t\t\t\t\t<\/div>\n\t\t\t\t\t\t<div class='spectra-image-gallery__media-wrapper--isotope'>\n\t\t\t\t\t\t\t<div class='spectra-image-gallery__media-wrapper' data-spectra-gallery-image-id='690' tabindex=\"0\">\n\t\t\t\t\t\t\t<div class=\"spectra-image-gallery__media spectra-image-gallery__media--masonry\">\n\t\t\t\t<picture>\n\t\t\t\t\t<source media=\"(min-width: 1024px)\" srcset=\"https:\/\/www.rissanen.palvelin.pro\/kerimakiseura\/wp-content\/uploads\/Vesa_ja_Hanna-768x1024.jpg\">\n\t\t\t\t\t<source media=\"(min-width: 768px)\" srcset=\"https:\/\/www.rissanen.palvelin.pro\/kerimakiseura\/wp-content\/uploads\/Vesa_ja_Hanna-768x1024.jpg\">\n\t\t\t\t\t<img decoding=\"async\" class=\"spectra-image-gallery__media-thumbnail spectra-image-gallery__media-thumbnail--masonry\" src=\"https:\/\/www.rissanen.palvelin.pro\/kerimakiseura\/wp-content\/uploads\/Vesa_ja_Hanna-225x300.jpg\" alt=\"\" loading=\"lazy\" \/>\n\t\t\t\t<\/picture>\n\t\t\t\t<div class=\"spectra-image-gallery__media-thumbnail-blurrer\"><\/div>\n\t\t\t\t\t\t\t\t\t\t\t<div class=\"spectra-image-gallery__media-thumbnail-caption-wrapper spectra-image-gallery__media-thumbnail-caption-wrapper--overlay\"><\/div>\n\t\t\t\t\t\t\t\t<\/div>\n\t\t\t\t\t\t<\/div>\n\t\t\t\t\t\t<\/div>\n\t\t\t\t\t\t<div class='spectra-image-gallery__media-wrapper--isotope'>\n\t\t\t\t\t\t\t<div class='spectra-image-gallery__media-wrapper' data-spectra-gallery-image-id='691' tabindex=\"0\">\n\t\t\t\t\t\t\t<div class=\"spectra-image-gallery__media spectra-image-gallery__media--masonry\">\n\t\t\t\t<picture>\n\t\t\t\t\t<source media=\"(min-width: 1024px)\" srcset=\"https:\/\/www.rissanen.palvelin.pro\/kerimakiseura\/wp-content\/uploads\/Maineteko_palkitseminen-768x1024.jpg\">\n\t\t\t\t\t<source media=\"(min-width: 768px)\" srcset=\"https:\/\/www.rissanen.palvelin.pro\/kerimakiseura\/wp-content\/uploads\/Maineteko_palkitseminen-768x1024.jpg\">\n\t\t\t\t\t<img decoding=\"async\" class=\"spectra-image-gallery__media-thumbnail spectra-image-gallery__media-thumbnail--masonry\" src=\"https:\/\/www.rissanen.palvelin.pro\/kerimakiseura\/wp-content\/uploads\/Maineteko_palkitseminen-225x300.jpg\" alt=\"\" loading=\"lazy\" \/>\n\t\t\t\t<\/picture>\n\t\t\t\t<div class=\"spectra-image-gallery__media-thumbnail-blurrer\"><\/div>\n\t\t\t\t\t\t\t\t\t\t\t<div class=\"spectra-image-gallery__media-thumbnail-caption-wrapper spectra-image-gallery__media-thumbnail-caption-wrapper--overlay\"><\/div>\n\t\t\t\t\t\t\t\t<\/div>\n\t\t\t\t\t\t<\/div>\n\t\t\t\t\t\t<\/div>\n\t\t\t\t\t\t<div class='spectra-image-gallery__media-wrapper--isotope'>\n\t\t\t\t\t\t\t<div class='spectra-image-gallery__media-wrapper' data-spectra-gallery-image-id='692' tabindex=\"0\">\n\t\t\t\t\t\t\t<div class=\"spectra-image-gallery__media spectra-image-gallery__media--masonry\">\n\t\t\t\t<picture>\n\t\t\t\t\t<source media=\"(min-width: 1024px)\" srcset=\"https:\/\/www.rissanen.palvelin.pro\/kerimakiseura\/wp-content\/uploads\/Seuran_kiitospuhe-768x1024.jpg\">\n\t\t\t\t\t<source media=\"(min-width: 768px)\" srcset=\"https:\/\/www.rissanen.palvelin.pro\/kerimakiseura\/wp-content\/uploads\/Seuran_kiitospuhe-768x1024.jpg\">\n\t\t\t\t\t<img decoding=\"async\" class=\"spectra-image-gallery__media-thumbnail spectra-image-gallery__media-thumbnail--masonry\" src=\"https:\/\/www.rissanen.palvelin.pro\/kerimakiseura\/wp-content\/uploads\/Seuran_kiitospuhe-225x300.jpg\" alt=\"\" loading=\"lazy\" \/>\n\t\t\t\t<\/picture>\n\t\t\t\t<div class=\"spectra-image-gallery__media-thumbnail-blurrer\"><\/div>\n\t\t\t\t\t\t\t\t\t\t\t<div class=\"spectra-image-gallery__media-thumbnail-caption-wrapper spectra-image-gallery__media-thumbnail-caption-wrapper--overlay\"><\/div>\n\t\t\t\t\t\t\t\t<\/div>\n\t\t\t\t\t\t<\/div>\n\t\t\t\t\t\t<\/div>\n\t\t\t\t\t\t<div class='spectra-image-gallery__media-wrapper--isotope'>\n\t\t\t\t\t\t\t<div class='spectra-image-gallery__media-wrapper' data-spectra-gallery-image-id='693' tabindex=\"0\">\n\t\t\t\t\t\t\t<div class=\"spectra-image-gallery__media spectra-image-gallery__media--masonry\">\n\t\t\t\t<picture>\n\t\t\t\t\t<source media=\"(min-width: 1024px)\" srcset=\"https:\/\/www.rissanen.palvelin.pro\/kerimakiseura\/wp-content\/uploads\/Juhlapuhuja-768x1024.jpg\">\n\t\t\t\t\t<source media=\"(min-width: 768px)\" srcset=\"https:\/\/www.rissanen.palvelin.pro\/kerimakiseura\/wp-content\/uploads\/Juhlapuhuja-768x1024.jpg\">\n\t\t\t\t\t<img decoding=\"async\" class=\"spectra-image-gallery__media-thumbnail spectra-image-gallery__media-thumbnail--masonry\" src=\"https:\/\/www.rissanen.palvelin.pro\/kerimakiseura\/wp-content\/uploads\/Juhlapuhuja-225x300.jpg\" alt=\"\" loading=\"lazy\" \/>\n\t\t\t\t<\/picture>\n\t\t\t\t<div class=\"spectra-image-gallery__media-thumbnail-blurrer\"><\/div>\n\t\t\t\t\t\t\t\t\t\t\t<div class=\"spectra-image-gallery__media-thumbnail-caption-wrapper spectra-image-gallery__media-thumbnail-caption-wrapper--overlay\"><\/div>\n\t\t\t\t\t\t\t\t<\/div>\n\t\t\t\t\t\t<\/div>\n\t\t\t\t\t\t<\/div>\n\t\t\t\t\t\t<div class='spectra-image-gallery__media-wrapper--isotope'>\n\t\t\t\t\t\t\t<div class='spectra-image-gallery__media-wrapper' data-spectra-gallery-image-id='694' tabindex=\"0\">\n\t\t\t\t\t\t\t<div class=\"spectra-image-gallery__media spectra-image-gallery__media--masonry\">\n\t\t\t\t<picture>\n\t\t\t\t\t<source media=\"(min-width: 1024px)\" srcset=\"https:\/\/www.rissanen.palvelin.pro\/kerimakiseura\/wp-content\/uploads\/Avauspuhe_Kerimaki-isanta_Vesa-768x1024.jpg\">\n\t\t\t\t\t<source media=\"(min-width: 768px)\" srcset=\"https:\/\/www.rissanen.palvelin.pro\/kerimakiseura\/wp-content\/uploads\/Avauspuhe_Kerimaki-isanta_Vesa-768x1024.jpg\">\n\t\t\t\t\t<img decoding=\"async\" class=\"spectra-image-gallery__media-thumbnail spectra-image-gallery__media-thumbnail--masonry\" src=\"https:\/\/www.rissanen.palvelin.pro\/kerimakiseura\/wp-content\/uploads\/Avauspuhe_Kerimaki-isanta_Vesa-225x300.jpg\" alt=\"\" loading=\"lazy\" \/>\n\t\t\t\t<\/picture>\n\t\t\t\t<div class=\"spectra-image-gallery__media-thumbnail-blurrer\"><\/div>\n\t\t\t\t\t\t\t\t\t\t\t<div class=\"spectra-image-gallery__media-thumbnail-caption-wrapper spectra-image-gallery__media-thumbnail-caption-wrapper--overlay\"><\/div>\n\t\t\t\t\t\t\t\t<\/div>\n\t\t\t\t\t\t<\/div>\n\t\t\t\t\t\t<\/div>\n\t\t\t\t\t\t<div class='spectra-image-gallery__media-wrapper--isotope'>\n\t\t\t\t\t\t\t<div class='spectra-image-gallery__media-wrapper' data-spectra-gallery-image-id='695' tabindex=\"0\">\n\t\t\t\t\t\t\t<div class=\"spectra-image-gallery__media spectra-image-gallery__media--masonry\">\n\t\t\t\t<picture>\n\t\t\t\t\t<source media=\"(min-width: 1024px)\" srcset=\"https:\/\/www.rissanen.palvelin.pro\/kerimakiseura\/wp-content\/uploads\/Yleiso_1-768x1024.jpg\">\n\t\t\t\t\t<source media=\"(min-width: 768px)\" srcset=\"https:\/\/www.rissanen.palvelin.pro\/kerimakiseura\/wp-content\/uploads\/Yleiso_1-768x1024.jpg\">\n\t\t\t\t\t<img decoding=\"async\" class=\"spectra-image-gallery__media-thumbnail spectra-image-gallery__media-thumbnail--masonry\" src=\"https:\/\/www.rissanen.palvelin.pro\/kerimakiseura\/wp-content\/uploads\/Yleiso_1-225x300.jpg\" alt=\"\" loading=\"lazy\" \/>\n\t\t\t\t<\/picture>\n\t\t\t\t<div class=\"spectra-image-gallery__media-thumbnail-blurrer\"><\/div>\n\t\t\t\t\t\t\t\t\t\t\t<div class=\"spectra-image-gallery__media-thumbnail-caption-wrapper spectra-image-gallery__media-thumbnail-caption-wrapper--overlay\"><\/div>\n\t\t\t\t\t\t\t\t<\/div>\n\t\t\t\t\t\t<\/div>\n\t\t\t\t\t\t<\/div>\n\t\t\t\t\t\t\t\t\t\t<\/div>\n\t\t\t\t\t\t\t\t\t\t\t\t\t\t\t\t\t\t<\/div>\n\t\t\t\t\t\t\t\t\t","protected":false},"excerpt":{"rendered":"<p>Suomen 106. itsen\u00e4isyysp\u00e4iv\u00e4\u00e4 vietettiin perinteisesti Kerim\u00e4ki-seuran, Kerim\u00e4en kappeliseurakunnan, P\u00e4\u00e4kanta-S\u00e4\u00e4ti\u00f6n ja Savonlinnan kaupungin j\u00e4rjest\u00e4m\u00e4ss\u00e4 tilaisuudessa, t\u00e4ll\u00e4 kertaa juhlapaikkana oli Kerim\u00e4en seurakuntakoti. Tilaisuuden aloitettiin yleis\u00f6n yhteislaululla Kotimaani ompi Suomi. Tervehdyspuheen piti Kerim\u00e4ki-is\u00e4nt\u00e4 [&hellip;]<\/p>\n","protected":false},"author":1,"featured_media":0,"comment_status":"closed","ping_status":"","sticky":false,"template":"","format":"standard","meta":{"_uag_custom_page_level_css":"","site-sidebar-layout":"default","site-content-layout":"","ast-site-content-layout":"","site-content-style":"default","site-sidebar-style":"default","ast-global-header-display":"","ast-banner-title-visibility":"","ast-main-header-display":"","ast-hfb-above-header-display":"","ast-hfb-below-header-display":"","ast-hfb-mobile-header-display":"","site-post-title":"","ast-breadcrumbs-content":"","ast-featured-img":"","footer-sml-layout":"","theme-transparent-header-meta":"","adv-header-id-meta":"","stick-header-meta":"","header-above-stick-meta":"","header-main-stick-meta":"","header-below-stick-meta":"","astra-migrate-meta-layouts":"default","ast-page-background-enabled":"default","ast-page-background-meta":{"desktop":{"background-color":"var(--ast-global-color-5)","background-image":"","background-repeat":"repeat","background-position":"center center","background-size":"auto","background-attachment":"scroll","background-type":"","background-media":"","overlay-type":"","overlay-color":"","overlay-opacity":"","overlay-gradient":""},"tablet":{"background-color":"","background-image":"","background-repeat":"repeat","background-position":"center center","background-size":"auto","background-attachment":"scroll","background-type":"","background-media":"","overlay-type":"","overlay-color":"","overlay-opacity":"","overlay-gradient":""},"mobile":{"background-color":"","background-image":"","background-repeat":"repeat","background-position":"center center","background-size":"auto","background-attachment":"scroll","background-type":"","background-media":"","overlay-type":"","overlay-color":"","overlay-opacity":"","overlay-gradient":""}},"ast-content-background-meta":{"desktop":{"background-color":"var(--ast-global-color-4)","background-image":"","background-repeat":"repeat","background-position":"center center","background-size":"auto","background-attachment":"scroll","background-type":"","background-media":"","overlay-type":"","overlay-color":"","overlay-opacity":"","overlay-gradient":""},"tablet":{"background-color":"var(--ast-global-color-4)","background-image":"","background-repeat":"repeat","background-position":"center center","background-size":"auto","background-attachment":"scroll","background-type":"","background-media":"","overlay-type":"","overlay-color":"","overlay-opacity":"","overlay-gradient":""},"mobile":{"background-color":"var(--ast-global-color-4)","background-image":"","background-repeat":"repeat","background-position":"center center","background-size":"auto","background-attachment":"scroll","background-type":"","background-media":"","overlay-type":"","overlay-color":"","overlay-opacity":"","overlay-gradient":""}},"footnotes":""},"categories":[1],"tags":[],"class_list":["post-685","post","type-post","status-publish","format-standard","hentry","category-uncategorized"],"uagb_featured_image_src":{"full":false,"thumbnail":false,"medium":false,"medium_large":false,"large":false,"1536x1536":false,"2048x2048":false},"uagb_author_info":{"display_name":"admin","author_link":"https:\/\/www.rissanen.palvelin.pro\/kerimakiseura\/author\/admin\/"},"uagb_comment_info":0,"uagb_excerpt":"Suomen 106. itsen\u00e4isyysp\u00e4iv\u00e4\u00e4 vietettiin perinteisesti Kerim\u00e4ki-seuran, Kerim\u00e4en kappeliseurakunnan, P\u00e4\u00e4kanta-S\u00e4\u00e4ti\u00f6n ja Savonlinnan kaupungin j\u00e4rjest\u00e4m\u00e4ss\u00e4 tilaisuudessa, t\u00e4ll\u00e4 kertaa juhlapaikkana oli Kerim\u00e4en seurakuntakoti. Tilaisuuden aloitettiin yleis\u00f6n yhteislaululla Kotimaani ompi Suomi. Tervehdyspuheen piti Kerim\u00e4ki-is\u00e4nt\u00e4 [&hellip;]","_links":{"self":[{"href":"https:\/\/www.rissanen.palvelin.pro\/kerimakiseura\/wp-json\/wp\/v2\/posts\/685","targetHints":{"allow":["GET"]}}],"collection":[{"href":"https:\/\/www.rissanen.palvelin.pro\/kerimakiseura\/wp-json\/wp\/v2\/posts"}],"about":[{"href":"https:\/\/www.rissanen.palvelin.pro\/kerimakiseura\/wp-json\/wp\/v2\/types\/post"}],"author":[{"embeddable":true,"href":"https:\/\/www.rissanen.palvelin.pro\/kerimakiseura\/wp-json\/wp\/v2\/users\/1"}],"replies":[{"embeddable":true,"href":"https:\/\/www.rissanen.palvelin.pro\/kerimakiseura\/wp-json\/wp\/v2\/comments?post=685"}],"version-history":[{"count":1,"href":"https:\/\/www.rissanen.palvelin.pro\/kerimakiseura\/wp-json\/wp\/v2\/posts\/685\/revisions"}],"predecessor-version":[{"id":696,"href":"https:\/\/www.rissanen.palvelin.pro\/kerimakiseura\/wp-json\/wp\/v2\/posts\/685\/revisions\/696"}],"wp:attachment":[{"href":"https:\/\/www.rissanen.palvelin.pro\/kerimakiseura\/wp-json\/wp\/v2\/media?parent=685"}],"wp:term":[{"taxonomy":"category","embeddable":true,"href":"https:\/\/www.rissanen.palvelin.pro\/kerimakiseura\/wp-json\/wp\/v2\/categories?post=685"},{"taxonomy":"post_tag","embeddable":true,"href":"https:\/\/www.rissanen.palvelin.pro\/kerimakiseura\/wp-json\/wp\/v2\/tags?post=685"}],"curies":[{"name":"wp","href":"https:\/\/api.w.org\/{rel}","templated":true}]}}