{"id":649,"date":"2024-06-09T15:20:00","date_gmt":"2024-06-09T12:20:00","guid":{"rendered":"https:\/\/www.rissanen.palvelin.pro\/kerimakiseura\/?p=649"},"modified":"2025-05-19T15:28:25","modified_gmt":"2025-05-19T12:28:25","slug":"9-6-2024-klo-12-00-kerimaen-kirkonmaella-lomarauhan-julistus","status":"publish","type":"post","link":"https:\/\/www.rissanen.palvelin.pro\/kerimakiseura\/9-6-2024-klo-12-00-kerimaen-kirkonmaella-lomarauhan-julistus\/","title":{"rendered":"9.6.2024 klo 12.00 Kerim\u00e4en kirkonm\u00e4ell\u00e4 lomarauhan julistus."},"content":{"rendered":"\n<p>Kerim\u00e4ki-seuran toimesta tarjosi Kerim\u00e4en kappeliseurakunta kahvit ja k\u00e4\u00e4retorttua. Seura laittoi jakelupaikat valmiiksi hyviss\u00e4 ajoin. Ensiksi paikalle kokoontui kirkossa ollut v\u00e4ki ja lopulta yleis\u00f6\u00e4 oli paikalla noin kaksi sataa henkil\u00f6\u00e4 kirkon m\u00e4elle. Tilaisuuden juonsi kappalainen Mika Malinen ja lis\u00e4ksi esiintyi Kerim\u00e4ki-is\u00e4nt\u00e4 Vesa Pulkkinen ja Kerim\u00e4ki-em\u00e4nt\u00e4 Hanna Sepp\u00e4nen. Lomarauhan julisti kaupungin valtuuston pj. Teho Kaskinen.<\/p>\n\n\n\t\t\t\t\t<div\n\t\t\t\t\t\tclass=\"wp-block-uagb-image-gallery uagb-block-0bb278aa     \"\n\t\t\t\t\t\tstyle=\"\"\n\t\t\t\t\t>\n\t\t\t\t\t\t\t\t\t\t\t<div class=\"spectra-image-gallery spectra-image-gallery__layout--masonry spectra-image-gallery__layout--masonry-col-2 spectra-image-gallery__layout--masonry-col-tab-3 spectra-image-gallery__layout--masonry-col-mob-2\">\n\t\t\t\t\t\t\t\t\t\t\t<div class='spectra-image-gallery__media-wrapper--isotope'>\n\t\t\t\t\t\t\t<div class='spectra-image-gallery__media-wrapper' data-spectra-gallery-image-id='651' tabindex=\"0\">\n\t\t\t\t\t\t\t<div class=\"spectra-image-gallery__media spectra-image-gallery__media--masonry\">\n\t\t\t\t<picture>\n\t\t\t\t\t<source media=\"(min-width: 1024px)\" srcset=\"https:\/\/www.rissanen.palvelin.pro\/kerimakiseura\/wp-content\/uploads\/Jakelut_kahdesta_paikasta_-768x1024.jpg\">\n\t\t\t\t\t<source media=\"(min-width: 768px)\" srcset=\"https:\/\/www.rissanen.palvelin.pro\/kerimakiseura\/wp-content\/uploads\/Jakelut_kahdesta_paikasta_-768x1024.jpg\">\n\t\t\t\t\t<img decoding=\"async\" class=\"spectra-image-gallery__media-thumbnail spectra-image-gallery__media-thumbnail--masonry\" src=\"https:\/\/www.rissanen.palvelin.pro\/kerimakiseura\/wp-content\/uploads\/Jakelut_kahdesta_paikasta_-225x300.jpg\" alt=\"\" loading=\"lazy\" \/>\n\t\t\t\t<\/picture>\n\t\t\t\t<div class=\"spectra-image-gallery__media-thumbnail-blurrer\"><\/div>\n\t\t\t\t\t\t\t\t\t\t\t<div class=\"spectra-image-gallery__media-thumbnail-caption-wrapper spectra-image-gallery__media-thumbnail-caption-wrapper--overlay\"><\/div>\n\t\t\t\t\t\t\t\t<\/div>\n\t\t\t\t\t\t<\/div>\n\t\t\t\t\t\t<\/div>\n\t\t\t\t\t\t<div class='spectra-image-gallery__media-wrapper--isotope'>\n\t\t\t\t\t\t\t<div class='spectra-image-gallery__media-wrapper' data-spectra-gallery-image-id='652' tabindex=\"0\">\n\t\t\t\t\t\t\t<div class=\"spectra-image-gallery__media spectra-image-gallery__media--masonry\">\n\t\t\t\t<picture>\n\t\t\t\t\t<source media=\"(min-width: 1024px)\" srcset=\"https:\/\/www.rissanen.palvelin.pro\/kerimakiseura\/wp-content\/uploads\/Kirkkovaki_tuli_ensin-768x1024.jpg\">\n\t\t\t\t\t<source media=\"(min-width: 768px)\" srcset=\"https:\/\/www.rissanen.palvelin.pro\/kerimakiseura\/wp-content\/uploads\/Kirkkovaki_tuli_ensin-768x1024.jpg\">\n\t\t\t\t\t<img decoding=\"async\" class=\"spectra-image-gallery__media-thumbnail spectra-image-gallery__media-thumbnail--masonry\" src=\"https:\/\/www.rissanen.palvelin.pro\/kerimakiseura\/wp-content\/uploads\/Kirkkovaki_tuli_ensin-225x300.jpg\" alt=\"\" loading=\"lazy\" \/>\n\t\t\t\t<\/picture>\n\t\t\t\t<div class=\"spectra-image-gallery__media-thumbnail-blurrer\"><\/div>\n\t\t\t\t\t\t\t\t\t\t\t<div class=\"spectra-image-gallery__media-thumbnail-caption-wrapper spectra-image-gallery__media-thumbnail-caption-wrapper--overlay\"><\/div>\n\t\t\t\t\t\t\t\t<\/div>\n\t\t\t\t\t\t<\/div>\n\t\t\t\t\t\t<\/div>\n\t\t\t\t\t\t<div class='spectra-image-gallery__media-wrapper--isotope'>\n\t\t\t\t\t\t\t<div class='spectra-image-gallery__media-wrapper' data-spectra-gallery-image-id='654' tabindex=\"0\">\n\t\t\t\t\t\t\t<div class=\"spectra-image-gallery__media spectra-image-gallery__media--masonry\">\n\t\t\t\t<picture>\n\t\t\t\t\t<source media=\"(min-width: 1024px)\" srcset=\"https:\/\/www.rissanen.palvelin.pro\/kerimakiseura\/wp-content\/uploads\/Yleisoa_pari_sataa_henkiloa-1024x768.jpg\">\n\t\t\t\t\t<source media=\"(min-width: 768px)\" srcset=\"https:\/\/www.rissanen.palvelin.pro\/kerimakiseura\/wp-content\/uploads\/Yleisoa_pari_sataa_henkiloa-1024x768.jpg\">\n\t\t\t\t\t<img decoding=\"async\" class=\"spectra-image-gallery__media-thumbnail spectra-image-gallery__media-thumbnail--masonry\" src=\"https:\/\/www.rissanen.palvelin.pro\/kerimakiseura\/wp-content\/uploads\/Yleisoa_pari_sataa_henkiloa-300x225.jpg\" alt=\"\" loading=\"lazy\" \/>\n\t\t\t\t<\/picture>\n\t\t\t\t<div class=\"spectra-image-gallery__media-thumbnail-blurrer\"><\/div>\n\t\t\t\t\t\t\t\t\t\t\t<div class=\"spectra-image-gallery__media-thumbnail-caption-wrapper spectra-image-gallery__media-thumbnail-caption-wrapper--overlay\"><\/div>\n\t\t\t\t\t\t\t\t<\/div>\n\t\t\t\t\t\t<\/div>\n\t\t\t\t\t\t<\/div>\n\t\t\t\t\t\t<div class='spectra-image-gallery__media-wrapper--isotope'>\n\t\t\t\t\t\t\t<div class='spectra-image-gallery__media-wrapper' data-spectra-gallery-image-id='650' tabindex=\"0\">\n\t\t\t\t\t\t\t<div class=\"spectra-image-gallery__media spectra-image-gallery__media--masonry\">\n\t\t\t\t<picture>\n\t\t\t\t\t<source media=\"(min-width: 1024px)\" srcset=\"https:\/\/www.rissanen.palvelin.pro\/kerimakiseura\/wp-content\/uploads\/Kerimaki-isanta_ja_-emanta_-768x1024.jpg\">\n\t\t\t\t\t<source media=\"(min-width: 768px)\" srcset=\"https:\/\/www.rissanen.palvelin.pro\/kerimakiseura\/wp-content\/uploads\/Kerimaki-isanta_ja_-emanta_-768x1024.jpg\">\n\t\t\t\t\t<img decoding=\"async\" class=\"spectra-image-gallery__media-thumbnail spectra-image-gallery__media-thumbnail--masonry\" src=\"https:\/\/www.rissanen.palvelin.pro\/kerimakiseura\/wp-content\/uploads\/Kerimaki-isanta_ja_-emanta_-225x300.jpg\" alt=\"\" loading=\"lazy\" \/>\n\t\t\t\t<\/picture>\n\t\t\t\t<div class=\"spectra-image-gallery__media-thumbnail-blurrer\"><\/div>\n\t\t\t\t\t\t\t\t\t\t\t<div class=\"spectra-image-gallery__media-thumbnail-caption-wrapper spectra-image-gallery__media-thumbnail-caption-wrapper--overlay\"><\/div>\n\t\t\t\t\t\t\t\t<\/div>\n\t\t\t\t\t\t<\/div>\n\t\t\t\t\t\t<\/div>\n\t\t\t\t\t\t<div class='spectra-image-gallery__media-wrapper--isotope'>\n\t\t\t\t\t\t\t<div class='spectra-image-gallery__media-wrapper' data-spectra-gallery-image-id='653' tabindex=\"0\">\n\t\t\t\t\t\t\t<div class=\"spectra-image-gallery__media spectra-image-gallery__media--masonry\">\n\t\t\t\t<picture>\n\t\t\t\t\t<source media=\"(min-width: 1024px)\" srcset=\"https:\/\/www.rissanen.palvelin.pro\/kerimakiseura\/wp-content\/uploads\/Lomarauhan_julisti_Terho_Kaskinen-768x1024.jpg\">\n\t\t\t\t\t<source media=\"(min-width: 768px)\" srcset=\"https:\/\/www.rissanen.palvelin.pro\/kerimakiseura\/wp-content\/uploads\/Lomarauhan_julisti_Terho_Kaskinen-768x1024.jpg\">\n\t\t\t\t\t<img decoding=\"async\" class=\"spectra-image-gallery__media-thumbnail spectra-image-gallery__media-thumbnail--masonry\" src=\"https:\/\/www.rissanen.palvelin.pro\/kerimakiseura\/wp-content\/uploads\/Lomarauhan_julisti_Terho_Kaskinen-225x300.jpg\" alt=\"\" loading=\"lazy\" \/>\n\t\t\t\t<\/picture>\n\t\t\t\t<div class=\"spectra-image-gallery__media-thumbnail-blurrer\"><\/div>\n\t\t\t\t\t\t\t\t\t\t\t<div class=\"spectra-image-gallery__media-thumbnail-caption-wrapper spectra-image-gallery__media-thumbnail-caption-wrapper--overlay\"><\/div>\n\t\t\t\t\t\t\t\t<\/div>\n\t\t\t\t\t\t<\/div>\n\t\t\t\t\t\t<\/div>\n\t\t\t\t\t\t\t\t\t\t<\/div>\n\t\t\t\t\t\t\t\t\t\t\t\t\t\t\t\t\t\t<\/div>\n\t\t\t\t\t\t\t\t\t","protected":false},"excerpt":{"rendered":"<p>Kerim\u00e4ki-seuran toimesta tarjosi Kerim\u00e4en kappeliseurakunta kahvit ja k\u00e4\u00e4retorttua. Seura laittoi jakelupaikat valmiiksi hyviss\u00e4 ajoin. Ensiksi paikalle kokoontui kirkossa ollut v\u00e4ki ja lopulta yleis\u00f6\u00e4 oli paikalla noin kaksi sataa henkil\u00f6\u00e4 kirkon [&hellip;]<\/p>\n","protected":false},"author":1,"featured_media":0,"comment_status":"closed","ping_status":"","sticky":false,"template":"","format":"standard","meta":{"_uag_custom_page_level_css":"","site-sidebar-layout":"default","site-content-layout":"","ast-site-content-layout":"","site-content-style":"default","site-sidebar-style":"default","ast-global-header-display":"","ast-banner-title-visibility":"","ast-main-header-display":"","ast-hfb-above-header-display":"","ast-hfb-below-header-display":"","ast-hfb-mobile-header-display":"","site-post-title":"","ast-breadcrumbs-content":"","ast-featured-img":"","footer-sml-layout":"","theme-transparent-header-meta":"","adv-header-id-meta":"","stick-header-meta":"","header-above-stick-meta":"","header-main-stick-meta":"","header-below-stick-meta":"","astra-migrate-meta-layouts":"default","ast-page-background-enabled":"default","ast-page-background-meta":{"desktop":{"background-color":"var(--ast-global-color-5)","background-image":"","background-repeat":"repeat","background-position":"center center","background-size":"auto","background-attachment":"scroll","background-type":"","background-media":"","overlay-type":"","overlay-color":"","overlay-opacity":"","overlay-gradient":""},"tablet":{"background-color":"","background-image":"","background-repeat":"repeat","background-position":"center center","background-size":"auto","background-attachment":"scroll","background-type":"","background-media":"","overlay-type":"","overlay-color":"","overlay-opacity":"","overlay-gradient":""},"mobile":{"background-color":"","background-image":"","background-repeat":"repeat","background-position":"center center","background-size":"auto","background-attachment":"scroll","background-type":"","background-media":"","overlay-type":"","overlay-color":"","overlay-opacity":"","overlay-gradient":""}},"ast-content-background-meta":{"desktop":{"background-color":"var(--ast-global-color-4)","background-image":"","background-repeat":"repeat","background-position":"center center","background-size":"auto","background-attachment":"scroll","background-type":"","background-media":"","overlay-type":"","overlay-color":"","overlay-opacity":"","overlay-gradient":""},"tablet":{"background-color":"var(--ast-global-color-4)","background-image":"","background-repeat":"repeat","background-position":"center center","background-size":"auto","background-attachment":"scroll","background-type":"","background-media":"","overlay-type":"","overlay-color":"","overlay-opacity":"","overlay-gradient":""},"mobile":{"background-color":"var(--ast-global-color-4)","background-image":"","background-repeat":"repeat","background-position":"center center","background-size":"auto","background-attachment":"scroll","background-type":"","background-media":"","overlay-type":"","overlay-color":"","overlay-opacity":"","overlay-gradient":""}},"footnotes":""},"categories":[1],"tags":[],"class_list":["post-649","post","type-post","status-publish","format-standard","hentry","category-uncategorized"],"uagb_featured_image_src":{"full":false,"thumbnail":false,"medium":false,"medium_large":false,"large":false,"1536x1536":false,"2048x2048":false},"uagb_author_info":{"display_name":"admin","author_link":"https:\/\/www.rissanen.palvelin.pro\/kerimakiseura\/author\/admin\/"},"uagb_comment_info":0,"uagb_excerpt":"Kerim\u00e4ki-seuran toimesta tarjosi Kerim\u00e4en kappeliseurakunta kahvit ja k\u00e4\u00e4retorttua. Seura laittoi jakelupaikat valmiiksi hyviss\u00e4 ajoin. Ensiksi paikalle kokoontui kirkossa ollut v\u00e4ki ja lopulta yleis\u00f6\u00e4 oli paikalla noin kaksi sataa henkil\u00f6\u00e4 kirkon [&hellip;]","_links":{"self":[{"href":"https:\/\/www.rissanen.palvelin.pro\/kerimakiseura\/wp-json\/wp\/v2\/posts\/649","targetHints":{"allow":["GET"]}}],"collection":[{"href":"https:\/\/www.rissanen.palvelin.pro\/kerimakiseura\/wp-json\/wp\/v2\/posts"}],"about":[{"href":"https:\/\/www.rissanen.palvelin.pro\/kerimakiseura\/wp-json\/wp\/v2\/types\/post"}],"author":[{"embeddable":true,"href":"https:\/\/www.rissanen.palvelin.pro\/kerimakiseura\/wp-json\/wp\/v2\/users\/1"}],"replies":[{"embeddable":true,"href":"https:\/\/www.rissanen.palvelin.pro\/kerimakiseura\/wp-json\/wp\/v2\/comments?post=649"}],"version-history":[{"count":3,"href":"https:\/\/www.rissanen.palvelin.pro\/kerimakiseura\/wp-json\/wp\/v2\/posts\/649\/revisions"}],"predecessor-version":[{"id":661,"href":"https:\/\/www.rissanen.palvelin.pro\/kerimakiseura\/wp-json\/wp\/v2\/posts\/649\/revisions\/661"}],"wp:attachment":[{"href":"https:\/\/www.rissanen.palvelin.pro\/kerimakiseura\/wp-json\/wp\/v2\/media?parent=649"}],"wp:term":[{"taxonomy":"category","embeddable":true,"href":"https:\/\/www.rissanen.palvelin.pro\/kerimakiseura\/wp-json\/wp\/v2\/categories?post=649"},{"taxonomy":"post_tag","embeddable":true,"href":"https:\/\/www.rissanen.palvelin.pro\/kerimakiseura\/wp-json\/wp\/v2\/tags?post=649"}],"curies":[{"name":"wp","href":"https:\/\/api.w.org\/{rel}","templated":true}]}}