{"id":577,"date":"2024-08-04T12:14:56","date_gmt":"2024-08-04T09:14:56","guid":{"rendered":"https:\/\/www.rissanen.palvelin.pro\/kerimakiseura\/?p=577"},"modified":"2025-04-15T12:19:12","modified_gmt":"2025-04-15T09:19:12","slug":"4-8-2024-kansallispukujen-tuuletustapahtuma-ja-kansanlaulumessu-kerimaen-kirkossa","status":"publish","type":"post","link":"https:\/\/www.rissanen.palvelin.pro\/kerimakiseura\/4-8-2024-kansallispukujen-tuuletustapahtuma-ja-kansanlaulumessu-kerimaen-kirkossa\/","title":{"rendered":"4.8.2024\u00a0Kansallispukujen tuuletustapahtuma ja kansanlaulumessu Kerim\u00e4en kirkossa."},"content":{"rendered":"\n<p>Kerim\u00e4ki-seura ja Kerim\u00e4en kappeliseura j\u00e4rjestiv\u00e4t kansallisena kansallispuvun tuuletusp\u00e4iv\u00e4n\u00e4 toisena vuotena per\u00e4kk\u00e4in tapahtuman, johon toivottiin mahdollisimman monen osallistuvan&nbsp;kansallispuvussa.<\/p>\n\n\n\n<div class=\"wp-block-uagb-image uagb-block-60dd7383 wp-block-uagb-image--layout-default wp-block-uagb-image--effect-static wp-block-uagb-image--align-none\"><figure class=\"wp-block-uagb-image__figure\"><img decoding=\"async\" srcset=\"https:\/\/www.rissanen.palvelin.pro\/kerimakiseura\/wp-content\/uploads\/Kansallipuku_naisia-768x1024.jpg ,https:\/\/www.rissanen.palvelin.pro\/kerimakiseura\/wp-content\/uploads\/Kansallipuku_naisia-rotated.jpg 780w, https:\/\/www.rissanen.palvelin.pro\/kerimakiseura\/wp-content\/uploads\/Kansallipuku_naisia-rotated.jpg 360w\" sizes=\"auto, (max-width: 480px) 150px\" src=\"https:\/\/www.rissanen.palvelin.pro\/kerimakiseura\/wp-content\/uploads\/Kansallipuku_naisia-768x1024.jpg\" alt=\"\" class=\"uag-image-578\" width=\"768\" height=\"1024\" title=\"Kansallipuku_naisia\" loading=\"lazy\" role=\"img\"\/><\/figure><\/div>\n\n\n\n<p><\/p>\n\n\n\n<p>Messussa toimituksiin osallistui Kerim\u00e4ki-seuran j\u00e4seni\u00e4. Raamatun tekstit lukivat Kerim\u00e4ki-is\u00e4nt\u00e4&nbsp;Vesa Pulkkinen&nbsp;ja uusi Kerim\u00e4ki-em\u00e4nt\u00e4&nbsp;Maarit Ahlgren.&nbsp;<\/p>\n\n\n\n<div class=\"wp-block-uagb-image uagb-block-eccde507 wp-block-uagb-image--layout-default wp-block-uagb-image--effect-static wp-block-uagb-image--align-none\"><figure class=\"wp-block-uagb-image__figure\"><img decoding=\"async\" srcset=\"https:\/\/www.rissanen.palvelin.pro\/kerimakiseura\/wp-content\/uploads\/Isanta_kirkossa-768x1024.jpg ,https:\/\/www.rissanen.palvelin.pro\/kerimakiseura\/wp-content\/uploads\/Isanta_kirkossa-rotated.jpg 780w, https:\/\/www.rissanen.palvelin.pro\/kerimakiseura\/wp-content\/uploads\/Isanta_kirkossa-rotated.jpg 360w\" sizes=\"auto, (max-width: 480px) 150px\" src=\"https:\/\/www.rissanen.palvelin.pro\/kerimakiseura\/wp-content\/uploads\/Isanta_kirkossa-768x1024.jpg\" alt=\"\" class=\"uag-image-579\" width=\"768\" height=\"1024\" title=\"Isanta_kirkossa\" loading=\"lazy\" role=\"img\"\/><\/figure><\/div>\n\n\n\n<p><\/p>\n\n\n\n<div class=\"wp-block-uagb-image uagb-block-0d57ab57 wp-block-uagb-image--layout-default wp-block-uagb-image--effect-static wp-block-uagb-image--align-none\"><figure class=\"wp-block-uagb-image__figure\"><img decoding=\"async\" srcset=\"https:\/\/www.rissanen.palvelin.pro\/kerimakiseura\/wp-content\/uploads\/Emanta_kirkossa-768x1024.jpg ,https:\/\/www.rissanen.palvelin.pro\/kerimakiseura\/wp-content\/uploads\/Emanta_kirkossa-rotated.jpg 780w, https:\/\/www.rissanen.palvelin.pro\/kerimakiseura\/wp-content\/uploads\/Emanta_kirkossa-rotated.jpg 360w\" sizes=\"auto, (max-width: 480px) 150px\" src=\"https:\/\/www.rissanen.palvelin.pro\/kerimakiseura\/wp-content\/uploads\/Emanta_kirkossa-768x1024.jpg\" alt=\"\" class=\"uag-image-580\" width=\"768\" height=\"1024\" title=\"Emanta_kirkossa\" loading=\"lazy\" role=\"img\"\/><\/figure><\/div>\n\n\n\n<p><\/p>\n\n\n\n<p>Lopuksi kansallispukuiset kokoontuivat yhteiskuvaan kirkon portaille.<\/p>\n\n\n\n<div class=\"wp-block-uagb-image uagb-block-64439284 wp-block-uagb-image--layout-default wp-block-uagb-image--effect-static wp-block-uagb-image--align-none\"><figure class=\"wp-block-uagb-image__figure\"><img decoding=\"async\" srcset=\"https:\/\/www.rissanen.palvelin.pro\/kerimakiseura\/wp-content\/uploads\/Yhteiskuva-rotated.jpg ,https:\/\/www.rissanen.palvelin.pro\/kerimakiseura\/wp-content\/uploads\/Yhteiskuva-rotated.jpg 780w, https:\/\/www.rissanen.palvelin.pro\/kerimakiseura\/wp-content\/uploads\/Yhteiskuva-rotated.jpg 360w\" sizes=\"auto, (max-width: 480px) 150px\" src=\"https:\/\/www.rissanen.palvelin.pro\/kerimakiseura\/wp-content\/uploads\/Yhteiskuva-rotated.jpg\" alt=\"\" class=\"uag-image-581\" width=\"1512\" height=\"2016\" title=\"Yhteiskuva\" loading=\"lazy\" role=\"img\"\/><\/figure><\/div>\n","protected":false},"excerpt":{"rendered":"<p>Kerim\u00e4ki-seura ja Kerim\u00e4en kappeliseura j\u00e4rjestiv\u00e4t kansallisena kansallispuvun tuuletusp\u00e4iv\u00e4n\u00e4 toisena vuotena per\u00e4kk\u00e4in tapahtuman, johon toivottiin mahdollisimman monen osallistuvan&nbsp;kansallispuvussa. Messussa toimituksiin osallistui Kerim\u00e4ki-seuran j\u00e4seni\u00e4. Raamatun tekstit lukivat Kerim\u00e4ki-is\u00e4nt\u00e4&nbsp;Vesa Pulkkinen&nbsp;ja uusi Kerim\u00e4ki-em\u00e4nt\u00e4&nbsp;Maarit Ahlgren.&nbsp; [&hellip;]<\/p>\n","protected":false},"author":1,"featured_media":0,"comment_status":"closed","ping_status":"closed","sticky":false,"template":"","format":"standard","meta":{"_uag_custom_page_level_css":"","site-sidebar-layout":"right-sidebar","site-content-layout":"","ast-site-content-layout":"","site-content-style":"default","site-sidebar-style":"default","ast-global-header-display":"","ast-banner-title-visibility":"","ast-main-header-display":"","ast-hfb-above-header-display":"","ast-hfb-below-header-display":"","ast-hfb-mobile-header-display":"","site-post-title":"","ast-breadcrumbs-content":"","ast-featured-img":"","footer-sml-layout":"","theme-transparent-header-meta":"","adv-header-id-meta":"","stick-header-meta":"","header-above-stick-meta":"","header-main-stick-meta":"","header-below-stick-meta":"","astra-migrate-meta-layouts":"default","ast-page-background-enabled":"default","ast-page-background-meta":{"desktop":{"background-color":"var(--ast-global-color-5)","background-image":"","background-repeat":"repeat","background-position":"center center","background-size":"auto","background-attachment":"scroll","background-type":"","background-media":"","overlay-type":"","overlay-color":"","overlay-opacity":"","overlay-gradient":""},"tablet":{"background-color":"","background-image":"","background-repeat":"repeat","background-position":"center center","background-size":"auto","background-attachment":"scroll","background-type":"","background-media":"","overlay-type":"","overlay-color":"","overlay-opacity":"","overlay-gradient":""},"mobile":{"background-color":"","background-image":"","background-repeat":"repeat","background-position":"center center","background-size":"auto","background-attachment":"scroll","background-type":"","background-media":"","overlay-type":"","overlay-color":"","overlay-opacity":"","overlay-gradient":""}},"ast-content-background-meta":{"desktop":{"background-color":"var(--ast-global-color-4)","background-image":"","background-repeat":"repeat","background-position":"center center","background-size":"auto","background-attachment":"scroll","background-type":"","background-media":"","overlay-type":"","overlay-color":"","overlay-opacity":"","overlay-gradient":""},"tablet":{"background-color":"var(--ast-global-color-4)","background-image":"","background-repeat":"repeat","background-position":"center center","background-size":"auto","background-attachment":"scroll","background-type":"","background-media":"","overlay-type":"","overlay-color":"","overlay-opacity":"","overlay-gradient":""},"mobile":{"background-color":"var(--ast-global-color-4)","background-image":"","background-repeat":"repeat","background-position":"center center","background-size":"auto","background-attachment":"scroll","background-type":"","background-media":"","overlay-type":"","overlay-color":"","overlay-opacity":"","overlay-gradient":""}},"footnotes":""},"categories":[1],"tags":[],"class_list":["post-577","post","type-post","status-publish","format-standard","hentry","category-uncategorized"],"uagb_featured_image_src":{"full":false,"thumbnail":false,"medium":false,"medium_large":false,"large":false,"1536x1536":false,"2048x2048":false},"uagb_author_info":{"display_name":"admin","author_link":"https:\/\/www.rissanen.palvelin.pro\/kerimakiseura\/author\/admin\/"},"uagb_comment_info":0,"uagb_excerpt":"Kerim\u00e4ki-seura ja Kerim\u00e4en kappeliseura j\u00e4rjestiv\u00e4t kansallisena kansallispuvun tuuletusp\u00e4iv\u00e4n\u00e4 toisena vuotena per\u00e4kk\u00e4in tapahtuman, johon toivottiin mahdollisimman monen osallistuvan&nbsp;kansallispuvussa. Messussa toimituksiin osallistui Kerim\u00e4ki-seuran j\u00e4seni\u00e4. Raamatun tekstit lukivat Kerim\u00e4ki-is\u00e4nt\u00e4&nbsp;Vesa Pulkkinen&nbsp;ja uusi Kerim\u00e4ki-em\u00e4nt\u00e4&nbsp;Maarit Ahlgren.&nbsp; [&hellip;]","_links":{"self":[{"href":"https:\/\/www.rissanen.palvelin.pro\/kerimakiseura\/wp-json\/wp\/v2\/posts\/577","targetHints":{"allow":["GET"]}}],"collection":[{"href":"https:\/\/www.rissanen.palvelin.pro\/kerimakiseura\/wp-json\/wp\/v2\/posts"}],"about":[{"href":"https:\/\/www.rissanen.palvelin.pro\/kerimakiseura\/wp-json\/wp\/v2\/types\/post"}],"author":[{"embeddable":true,"href":"https:\/\/www.rissanen.palvelin.pro\/kerimakiseura\/wp-json\/wp\/v2\/users\/1"}],"replies":[{"embeddable":true,"href":"https:\/\/www.rissanen.palvelin.pro\/kerimakiseura\/wp-json\/wp\/v2\/comments?post=577"}],"version-history":[{"count":4,"href":"https:\/\/www.rissanen.palvelin.pro\/kerimakiseura\/wp-json\/wp\/v2\/posts\/577\/revisions"}],"predecessor-version":[{"id":585,"href":"https:\/\/www.rissanen.palvelin.pro\/kerimakiseura\/wp-json\/wp\/v2\/posts\/577\/revisions\/585"}],"wp:attachment":[{"href":"https:\/\/www.rissanen.palvelin.pro\/kerimakiseura\/wp-json\/wp\/v2\/media?parent=577"}],"wp:term":[{"taxonomy":"category","embeddable":true,"href":"https:\/\/www.rissanen.palvelin.pro\/kerimakiseura\/wp-json\/wp\/v2\/categories?post=577"},{"taxonomy":"post_tag","embeddable":true,"href":"https:\/\/www.rissanen.palvelin.pro\/kerimakiseura\/wp-json\/wp\/v2\/tags?post=577"}],"curies":[{"name":"wp","href":"https:\/\/api.w.org\/{rel}","templated":true}]}}